{"id":67852,"date":"2023-09-01T11:29:10","date_gmt":"2023-09-01T09:29:10","guid":{"rendered":"https:\/\/fud.ujep.cz\/?p=67852"},"modified":"2023-09-01T11:29:10","modified_gmt":"2023-09-01T09:29:10","slug":"folk-art-school-jan-merta-and-with-him-jasansky-polak","status":"publish","type":"post","link":"https:\/\/fud.ujep.cz\/en\/house-of-arts\/folk-art-school-jan-merta-and-with-him-jasansky-polak\/","title":{"rendered":"Folk Art School &#8211; Jan Merta and with him Jasansk\u00fd-Pol\u00e1k"},"content":{"rendered":"<h3>WEDNESDAY 13 September \/ From 6.00 PM<\/h3>\n<p>The exhibition of Jan Merta (born 1952) at \u00dast\u00ed nad Labem House of Arts, titled &#8220;<strong>Folk Art School<\/strong>,&#8221; thematically draws from the author&#8217;s&nbsp;memories associated with the period of his adolescence, which he experienced in this city between 1966 and 1972. However, memories deeply ingrained in the grooves of \u00dast\u00ed only form the initiating concept of the exhibition, to intertwine with events currently being experienced. In the presented collection, initiated by several juvenile paintings that the author created in \u00dast\u00ed nad Labem and a&nbsp;small bundle of photographs by Luk\u00e1\u0161 Jasansk\u00fd and Martin Pol\u00e1k &#8220;documenting&#8221; Merta&#8217;s&nbsp;\u00dast\u00ed realities, works inspired by family background, environmental concerns, and, last but not least, the ongoing Russian war frenzy in Ukraine come together. Even though the more recent conflicts of the contemporary world, which Jan Merta endeavors to confront with focused reflection imprinted in the lines, surfaces, and depths of his paintings, may seem distant from his upbringing in \u00dast\u00ed nad Labem, it is clear that the opposite is true.<\/p>\n<p><a href=\"https:\/\/duul.cz\/jan-merta\/T\">https:\/\/duul.cz\/jan-merta\/&nbsp;<\/a><\/p>\n<p>Duration of the exhibition:<strong> 14 September 2023 <\/strong><strong>\u2014<\/strong><strong> 25 November 2023<\/strong><br \/>\nExhbibitors: <strong>Jan Merta and with him Jasansk\u00fd\u2013Pol\u00e1k<\/strong><br \/>\nCurator: <strong>Michal Kole\u010dek<\/strong><\/p>\n","protected":false},"excerpt":{"rendered":"<p>WEDNESDAY 13 September \/ From 6.00 PM&nbsp;The exhibition of Jan Merta (born 1952) at \u00dast\u00ed nad Labem House of Arts, titled &#8220;Folk Art School,&#8221; thematically draws from the author&#8217;s&nbsp;memories associated with the period of his adolescence, which he experienced in this city between 1966 and 1972. However, memories deeply ingrained in the grooves of [&hellip;]<\/p>\n","protected":false},"author":17,"featured_media":67755,"comment_status":"closed","ping_status":"closed","sticky":false,"template":"","format":"standard","meta":{"_acf_changed":false,"ngg_post_thumbnail":0,"footnotes":""},"categories":[116,125],"tags":[],"class_list":["post-67852","post","type-post","status-publish","format-standard","has-post-thumbnail","hentry","category-house-of-arts","category-curatorial-studies"],"acf":[],"_links":{"self":[{"href":"https:\/\/fud.ujep.cz\/en\/wp-json\/wp\/v2\/posts\/67852","targetHints":{"allow":["GET"]}}],"collection":[{"href":"https:\/\/fud.ujep.cz\/en\/wp-json\/wp\/v2\/posts"}],"about":[{"href":"https:\/\/fud.ujep.cz\/en\/wp-json\/wp\/v2\/types\/post"}],"author":[{"embeddable":true,"href":"https:\/\/fud.ujep.cz\/en\/wp-json\/wp\/v2\/users\/17"}],"replies":[{"embeddable":true,"href":"https:\/\/fud.ujep.cz\/en\/wp-json\/wp\/v2\/comments?post=67852"}],"version-history":[{"count":0,"href":"https:\/\/fud.ujep.cz\/en\/wp-json\/wp\/v2\/posts\/67852\/revisions"}],"wp:featuredmedia":[{"embeddable":true,"href":"https:\/\/fud.ujep.cz\/en\/wp-json\/wp\/v2\/media\/67755"}],"wp:attachment":[{"href":"https:\/\/fud.ujep.cz\/en\/wp-json\/wp\/v2\/media?parent=67852"}],"wp:term":[{"taxonomy":"category","embeddable":true,"href":"https:\/\/fud.ujep.cz\/en\/wp-json\/wp\/v2\/categories?post=67852"},{"taxonomy":"post_tag","embeddable":true,"href":"https:\/\/fud.ujep.cz\/en\/wp-json\/wp\/v2\/tags?post=67852"}],"curies":[{"name":"wp","href":"https:\/\/api.w.org\/{rel}","templated":true}]}}