{"id":83274,"date":"2026-01-13T16:56:06","date_gmt":"2026-01-13T14:56:06","guid":{"rendered":"https:\/\/fud.ujep.cz\/?p=83274"},"modified":"2026-03-06T22:00:16","modified_gmt":"2026-03-06T20:00:16","slug":"we-are-announcing-an-open-call-for-two-residencies-in-paris-in-2026-deadline-february-12-2026","status":"publish","type":"post","link":"https:\/\/fud.ujep.cz\/en\/news\/we-are-announcing-an-open-call-for-two-residencies-in-paris-in-2026-deadline-february-12-2026\/","title":{"rendered":"We are announcing an open call for two residencies in Paris in 2026 \u2013 deadline extended to 02\/03\/2026!"},"content":{"rendered":"<p data-start=\"0\" data-end=\"316\"><strong>DEADLINE FOR APPLICATIONS EXTENDED TO 02\/03\/2026<\/strong><\/p>\n<p data-start=\"0\" data-end=\"316\">The Faculty of Art and Design at Jan Evangelista Purkyn\u011b University in \u00dast\u00ed nad Labem (FUD UJEP) and the <strong><a href=\"https:\/\/www.citeinternationaledesarts.fr\/en\/page-daccueil\/\">Cit\u00e9 internationale des arts<\/a><\/strong> in Paris have co-developed a&nbsp;<strong>research and creation residency programme dedicated to artists and curators from the FUD UJEP ecosystem.<\/strong><\/p>\n<p data-start=\"318\" data-end=\"543\">The aim of this programme is to support and facilitate the mobility of artists and curators from the wider academic ecosystem of FUD UJEP and to strengthen their professional development and involvement in international artistic networks.<\/p>\n<p data-start=\"545\" data-end=\"716\"><strong>Two artists or currators will be selected to become residents of the Cit\u00e9 internationale des arts in Paris (Marais district) in 2026, for the period from October 2 to December 28, 2026<\/strong>.<\/p>\n<p data-start=\"718\" data-end=\"923\">Each selected resident will receive free accommodation in a&nbsp;live-in studio at the Cit\u00e9 internationale des arts and a&nbsp;residency scholarship in the total amount of \u20ac5,100.<strong> More information is available <a href=\"https:\/\/fud.ujep.cz\/wp\/wp-content\/uploads\/2026\/01\/eng-residency-programme.pdf\" target=\"_blank\" rel=\"noopener\">HERE<\/a>.&nbsp;<\/strong><\/p>\n<p data-start=\"718\" data-end=\"923\">Applicants may participate in <strong>a video call<\/strong> <strong>with Souraya Kessaria<\/strong> \u2013 Residency programmes &nbsp;and Partnerships Manager at the Cit\u00e9 internationale des arts <strong>on February 3rd, 2026 from 12 to 1 p.m.<\/strong> on the following link: <a href=\"https:\/\/teams.microsoft.com\/dl\/launcher\/launcher.html?url=%2F_%23%2Fl%2Fmeetup-join%2F19%3Ameeting_NjZhZjkwYTctZDJlMy00NGE5LTgyNjMtODRkM2UwMzdiMzhj%40thread.v2%2F0%3Fcontext%3D%257b%2522Tid%2522%253a%25224f90711c-bfcb-4fce-ac76-1feb191f7ea9%2522%252c%2522Oid%2522%253a%2522e85d2d33-7746-4529-898a-92652a2f9cc8%2522%257d%26anon%3Dtrue&amp;type=meetup-join&amp;deeplinkId=227ddf68-882c-4ff3-bc46-cb3fe3bf1990&amp;directDl=true&amp;msLaunch=true&amp;enableMobilePage=true&amp;suppressPrompt=true\" target=\"_blank\" rel=\"noopener\"><strong>Webinaire &#8211; \u00dast\u00ed nad Labem x Cit\u00e9 internationale des arts | R\u00e9union-Joindre | Microsoft Teams.<\/strong><\/a><\/p>\n<p data-start=\"925\" data-end=\"981\" data-is-last-node=\"\" data-is-only-node=\"\"><strong>Applications must be submitted by 02\/03\/2026 <a href=\"https:\/\/forms.gle\/ajPqUYi14t8UFjtx8\" target=\"_blank\" rel=\"noopener\">HERE<\/a><\/strong>.&nbsp;<\/p>\n","protected":false},"excerpt":{"rendered":"<p>DEADLINE FOR APPLICATIONS EXTENDED TO 02\/03\/2026 The Faculty of Art and Design at Jan Evangelista Purkyn\u011b University in \u00dast\u00ed nad Labem (FUD UJEP) and the Cit\u00e9 internationale des arts in Paris have co-developed a&nbsp;research and creation residency programme dedicated to artists and curators from the FUD UJEP ecosystem. The aim of this programme is to [&hellip;]<\/p>\n","protected":false},"author":17,"featured_media":0,"comment_status":"closed","ping_status":"closed","sticky":false,"template":"","format":"standard","meta":{"_acf_changed":false,"ngg_post_thumbnail":0,"footnotes":""},"categories":[105,119],"tags":[],"class_list":["post-83274","post","type-post","status-publish","format-standard","hentry","category-news","category-open-call-en"],"acf":[],"_links":{"self":[{"href":"https:\/\/fud.ujep.cz\/en\/wp-json\/wp\/v2\/posts\/83274","targetHints":{"allow":["GET"]}}],"collection":[{"href":"https:\/\/fud.ujep.cz\/en\/wp-json\/wp\/v2\/posts"}],"about":[{"href":"https:\/\/fud.ujep.cz\/en\/wp-json\/wp\/v2\/types\/post"}],"author":[{"embeddable":true,"href":"https:\/\/fud.ujep.cz\/en\/wp-json\/wp\/v2\/users\/17"}],"replies":[{"embeddable":true,"href":"https:\/\/fud.ujep.cz\/en\/wp-json\/wp\/v2\/comments?post=83274"}],"version-history":[{"count":2,"href":"https:\/\/fud.ujep.cz\/en\/wp-json\/wp\/v2\/posts\/83274\/revisions"}],"predecessor-version":[{"id":84419,"href":"https:\/\/fud.ujep.cz\/en\/wp-json\/wp\/v2\/posts\/83274\/revisions\/84419"}],"wp:attachment":[{"href":"https:\/\/fud.ujep.cz\/en\/wp-json\/wp\/v2\/media?parent=83274"}],"wp:term":[{"taxonomy":"category","embeddable":true,"href":"https:\/\/fud.ujep.cz\/en\/wp-json\/wp\/v2\/categories?post=83274"},{"taxonomy":"post_tag","embeddable":true,"href":"https:\/\/fud.ujep.cz\/en\/wp-json\/wp\/v2\/tags?post=83274"}],"curies":[{"name":"wp","href":"https:\/\/api.w.org\/{rel}","templated":true}]}}