{"id":83413,"date":"2026-01-28T08:48:17","date_gmt":"2026-01-28T06:48:17","guid":{"rendered":"https:\/\/fud.ujep.cz\/?p=83413"},"modified":"2026-03-05T19:22:22","modified_gmt":"2026-03-05T17:22:22","slug":"we-invite-you-to-the-faculty-round-of-the-student-research-conference","status":"publish","type":"post","link":"https:\/\/fud.ujep.cz\/en\/conferences\/we-invite-you-to-the-faculty-round-of-the-student-research-conference\/","title":{"rendered":"We invite you to the Faculty Round of the Student Research Conference"},"content":{"rendered":"<p>We cordially invite you to the faculty round of the Student Research Conference, where doctoral students of the Faculty of Art and Design will present their student projects.<\/p>\n<p>The conference will take place on <strong>Tuesday, 17 February 2026 at 10:00<\/strong> in <strong>the Lecture Hall 537<\/strong> at the Faculty of Art and Design at Jan Evangelista Purkyn\u011b University in \u00dast\u00ed nad Labem.<\/p>\n<p>The following students will present their projects:<\/p>\n<ul>\n<li><strong>Laze Tripkov<\/strong> \u2013 Transformation of the Poster in Virtual Reality through Macedonian Glagolitics (online, EN)<\/li>\n<li><strong>Ing. arch. Ji\u0159\u00ed Philippe Janda \u2013<\/strong> Neural Networks in Artistic Practice: From Generated Images to Virtual Worlds&nbsp;(CZ)<\/li>\n<li><strong>MgA. Diana Kn\u011b\u017e\u00ednkov\u00e1<\/strong> \u2013 Collective Memory is Everything I&nbsp;Don&#8217;t Remember (CZ)<\/li>\n<li><strong>MgA. Daria Lukianenko<\/strong> \u2013 Postcolonial Identity and Cultural Practices for the Collective Memory (EN)<\/li>\n<li><strong>MgA. Petra Wid\u017eov\u00e1<\/strong> \u2013 Ways of Handling Artistic Legacies in the Czech Republic (CZ)<\/li>\n<\/ul>\n<p>The winner of the Faculty Round will be nominated for the University Round of the Student Research Conference, to be held on 26 March 2026 in the Red Hall of the MFC UJEP.<\/p>\n<p>Come and see the results of your colleagues&#8217; work and get inspired for your potential doctoral studies or future doctoral projects!<\/p>\n","protected":false},"excerpt":{"rendered":"<p>We cordially invite you to the faculty round of the Student Research Conference, where doctoral students of the Faculty of Art and Design will present their student projects. The conference will take place on Tuesday, 17 February 2026 at 10:00 in the Lecture Hall 537 at the Faculty of Art and Design at Jan Evangelista [&hellip;]<\/p>\n","protected":false},"author":17,"featured_media":76467,"comment_status":"closed","ping_status":"closed","sticky":false,"template":"","format":"standard","meta":{"_acf_changed":false,"ngg_post_thumbnail":0,"footnotes":""},"categories":[118],"tags":[],"class_list":["post-83413","post","type-post","status-publish","format-standard","has-post-thumbnail","hentry","category-conferences"],"acf":[],"_links":{"self":[{"href":"https:\/\/fud.ujep.cz\/en\/wp-json\/wp\/v2\/posts\/83413","targetHints":{"allow":["GET"]}}],"collection":[{"href":"https:\/\/fud.ujep.cz\/en\/wp-json\/wp\/v2\/posts"}],"about":[{"href":"https:\/\/fud.ujep.cz\/en\/wp-json\/wp\/v2\/types\/post"}],"author":[{"embeddable":true,"href":"https:\/\/fud.ujep.cz\/en\/wp-json\/wp\/v2\/users\/17"}],"replies":[{"embeddable":true,"href":"https:\/\/fud.ujep.cz\/en\/wp-json\/wp\/v2\/comments?post=83413"}],"version-history":[{"count":2,"href":"https:\/\/fud.ujep.cz\/en\/wp-json\/wp\/v2\/posts\/83413\/revisions"}],"predecessor-version":[{"id":84291,"href":"https:\/\/fud.ujep.cz\/en\/wp-json\/wp\/v2\/posts\/83413\/revisions\/84291"}],"wp:featuredmedia":[{"embeddable":true,"href":"https:\/\/fud.ujep.cz\/en\/wp-json\/wp\/v2\/media\/76467"}],"wp:attachment":[{"href":"https:\/\/fud.ujep.cz\/en\/wp-json\/wp\/v2\/media?parent=83413"}],"wp:term":[{"taxonomy":"category","embeddable":true,"href":"https:\/\/fud.ujep.cz\/en\/wp-json\/wp\/v2\/categories?post=83413"},{"taxonomy":"post_tag","embeddable":true,"href":"https:\/\/fud.ujep.cz\/en\/wp-json\/wp\/v2\/tags?post=83413"}],"curies":[{"name":"wp","href":"https:\/\/api.w.org\/{rel}","templated":true}]}}