{"id":83948,"date":"2026-03-03T10:12:38","date_gmt":"2026-03-03T08:12:38","guid":{"rendered":"https:\/\/fud.ujep.cz\/?p=83948"},"modified":"2026-03-05T20:01:29","modified_gmt":"2026-03-05T18:01:29","slug":"past-told-future-held-a-doctoral-exhibition-by-petra-widzova","status":"publish","type":"post","link":"https:\/\/fud.ujep.cz\/en\/news\/past-told-future-held-a-doctoral-exhibition-by-petra-widzova\/","title":{"rendered":"Past Told, Future Held \u2013 A&nbsp;Doctoral Exhibition by Petra Wid\u017eov\u00e1"},"content":{"rendered":"<h3 data-path-to-node=\"2\">Past Told, Future Held \u2013 A&nbsp;Doctoral Exhibition by Petra Wid\u017eov\u00e1<\/h3>\n<p data-path-to-node=\"3\">The exhibition <b data-path-to-node=\"3\" data-index-in-node=\"15\">Past Told, Future Held<\/b> takes you behind the scenes of caring for artistic estates (and in some cases, future ones). A&nbsp;four-part video series presented at the exhibition explores how to narrate the daily challenges and tasks, the energy, and the time required to cultivate the legacies of great names in the Czech art scene. What are the limits of this work, and what is truly most important to preserve for the future?<\/p>\n<p data-path-to-node=\"4\"><b data-path-to-node=\"4\" data-index-in-node=\"0\">Opening:<\/b> March 12 at 6:00 PM, <b data-path-to-node=\"5\" data-index-in-node=\"0\">Venue:<\/b> Industra Gallery, Lazaretn\u00ed 925\/9, 615&nbsp;00 Brno-\u017didenice<\/p>\n<p data-path-to-node=\"6\">The exhibition runs until April 26, 2026.<\/p>\n<p data-path-to-node=\"7\"><b data-path-to-node=\"7\" data-index-in-node=\"0\">The videos feature:<\/b><\/p>\n<ul data-path-to-node=\"8\">\n<li>\n<p data-path-to-node=\"8,0,0\"><b data-path-to-node=\"8,0,0\" data-index-in-node=\"0\">Martina Zetov\u00e1<\/b> (estate of Milo\u0161 Zet)<\/p>\n<\/li>\n<li>\n<p data-path-to-node=\"8,1,0\"><b data-path-to-node=\"8,1,0\" data-index-in-node=\"0\">Kate\u0159ina Trlifajov\u00e1 and Magdal\u00e9na Pl\u00ed\u0161kov\u00e1<\/b> (estate of Pavel Br\u00e1zda)<\/p>\n<\/li>\n<li>\n<p data-path-to-node=\"8,2,0\">The <b data-path-to-node=\"8,2,0\" data-index-in-node=\"4\">Va\u0161ulka Kitchen Brno<\/b> team (legacy of Steina and Woody Va\u0161ulka)<\/p>\n<\/li>\n<li>\n<p data-path-to-node=\"8,3,0\"><b data-path-to-node=\"8,3,0\" data-index-in-node=\"0\">Jana P\u00edsa\u0159\u00edkov\u00e1 and Ji\u0159\u00ed Valoch<\/b> (care for Ji\u0159\u00ed Valoch and the Ji\u0159\u00ed Valoch Archive and Collection)<\/p>\n<\/li>\n<\/ul>\n<p data-path-to-node=\"9\">The exhibition is based on <b data-path-to-node=\"9\" data-index-in-node=\"27\">Petra Wid\u017eov\u00e1\u2019s<\/b> doctoral research at FUD UJEP, which she has been conducting since 2023, focusing on the management of artistic estates in the Czech context (supervised by doc. Mgr. Anna Varteck\u00e1, Ph.D.). Between 2024 and 2026, the research was supported by a&nbsp;multi-year grant from the UJEP Student Grant Competition. More about the doctoral research can be found here: [<a class=\"ng-star-inserted\" href=\"https:\/\/www.researchcatalogue.net\/view\/3921261\/3921262\" target=\"_blank\" rel=\"noopener\" data-hveid=\"0\" data-ved=\"0CAAQ_4QMahgKEwjH-snxtoOTAxUAAAAAHQAAAAAQjgE\">https:\/\/www.researchcatalogue.net\/view\/3921261\/3921262<\/a>]<\/p>\n<p data-path-to-node=\"11\">Video Project Team:<\/p>\n<ul data-path-to-node=\"12\">\n<li>\n<p data-path-to-node=\"12,0,0\"><b data-path-to-node=\"12,0,0\" data-index-in-node=\"0\">Dramaturgy:<\/b> Petra Wid\u017eov\u00e1<\/p>\n<\/li>\n<li>\n<p data-path-to-node=\"12,1,0\"><b data-path-to-node=\"12,1,0\" data-index-in-node=\"0\">Camera, Editing, Production:<\/b> Lenka \u0160t\u011bp\u00e1nkov\u00e1<\/p>\n<\/li>\n<li>\n<p data-path-to-node=\"12,2,0\"><b data-path-to-node=\"12,2,0\" data-index-in-node=\"0\">Sound:<\/b> Anna \u010cern\u00edkov\u00e1<\/p>\n<\/li>\n<li>\n<p data-path-to-node=\"12,3,0\"><b data-path-to-node=\"12,3,0\" data-index-in-node=\"0\">Graphic Design:<\/b> Jakub Klime\u0161<\/p>\n<\/li>\n<\/ul>\n","protected":false},"excerpt":{"rendered":"<p>Past Told, Future Held \u2013 A&nbsp;Doctoral Exhibition by Petra Wid\u017eov\u00e1 The exhibition Past Told, Future Held takes you behind the scenes of caring for artistic estates (and in some cases, future ones). A&nbsp;four-part video series presented at the exhibition explores how to narrate the daily challenges and tasks, the energy, and the time required to [&hellip;]<\/p>\n","protected":false},"author":33,"featured_media":84117,"comment_status":"closed","ping_status":"closed","sticky":false,"template":"","format":"standard","meta":{"_acf_changed":false,"ngg_post_thumbnail":0,"footnotes":""},"categories":[105,125],"tags":[],"class_list":["post-83948","post","type-post","status-publish","format-standard","has-post-thumbnail","hentry","category-news","category-curatorial-studies"],"acf":[],"_links":{"self":[{"href":"https:\/\/fud.ujep.cz\/en\/wp-json\/wp\/v2\/posts\/83948","targetHints":{"allow":["GET"]}}],"collection":[{"href":"https:\/\/fud.ujep.cz\/en\/wp-json\/wp\/v2\/posts"}],"about":[{"href":"https:\/\/fud.ujep.cz\/en\/wp-json\/wp\/v2\/types\/post"}],"author":[{"embeddable":true,"href":"https:\/\/fud.ujep.cz\/en\/wp-json\/wp\/v2\/users\/33"}],"replies":[{"embeddable":true,"href":"https:\/\/fud.ujep.cz\/en\/wp-json\/wp\/v2\/comments?post=83948"}],"version-history":[{"count":2,"href":"https:\/\/fud.ujep.cz\/en\/wp-json\/wp\/v2\/posts\/83948\/revisions"}],"predecessor-version":[{"id":84304,"href":"https:\/\/fud.ujep.cz\/en\/wp-json\/wp\/v2\/posts\/83948\/revisions\/84304"}],"wp:featuredmedia":[{"embeddable":true,"href":"https:\/\/fud.ujep.cz\/en\/wp-json\/wp\/v2\/media\/84117"}],"wp:attachment":[{"href":"https:\/\/fud.ujep.cz\/en\/wp-json\/wp\/v2\/media?parent=83948"}],"wp:term":[{"taxonomy":"category","embeddable":true,"href":"https:\/\/fud.ujep.cz\/en\/wp-json\/wp\/v2\/categories?post=83948"},{"taxonomy":"post_tag","embeddable":true,"href":"https:\/\/fud.ujep.cz\/en\/wp-json\/wp\/v2\/tags?post=83948"}],"curies":[{"name":"wp","href":"https:\/\/api.w.org\/{rel}","templated":true}]}}